{"id":4072,"date":"2024-03-05T11:27:42","date_gmt":"2024-03-05T10:27:42","guid":{"rendered":"https:\/\/kunststoves.com\/?p=4072"},"modified":"2024-03-05T11:27:45","modified_gmt":"2024-03-05T10:27:45","slug":"progetto-fuoco","status":"publish","type":"post","link":"https:\/\/kunststoves.com\/es\/progetto-fuoco\/","title":{"rendered":"<strong>Progetto Fuoco 2024<\/strong>"},"content":{"rendered":"\n<p>En este nuevo blog nos complace compartir con ustedes nuestra emocionante experiencia en la Feria Internacional Progetto Fuoco 2024, que tuvo lugar en Verona del 28 de febrero al 2 de marzo. Este evento anual re\u00fane a los l\u00edderes de la industria dedicados a la producci\u00f3n de calor y energ\u00eda a partir de la combusti\u00f3n de madera, y no podr\u00edamos estar m\u00e1s emocionados de haber sido parte de ello.<\/p>\n\n\n\n<p>Nuestra marca, Kunst, se destac\u00f3 en este evento internacional, presentando como ya anunciamos una versi\u00f3n mejorada de nuestro modelo &#8216;Quercus Store&#8217;, ahora con la incorporaci\u00f3n del cierre autom\u00e1tico. Esta funci\u00f3n \u00fanica no solo mejora la seguridad, sino que tambi\u00e9n eleva la comodidad del usuario a nuevos niveles. Por ello, estamos emocionados de anunciar que esta caracter\u00edstica se incorporar\u00e1 pr\u00f3ximamente a todos nuestros modelos.<\/p>\n\n\n\n<figure class=\"wp-block-image size-full\"><img fetchpriority=\"high\" decoding=\"async\" width=\"680\" height=\"500\" src=\"https:\/\/kunststoves.com\/wp-content\/uploads\/2024\/03\/verona-resumen-1.png\" alt=\"Quercus Store I Kunst\" class=\"wp-image-4084\" srcset=\"https:\/\/kunststoves.com\/wp-content\/uploads\/2024\/03\/verona-resumen-1.png 680w, https:\/\/kunststoves.com\/wp-content\/uploads\/2024\/03\/verona-resumen-1-300x221.png 300w, https:\/\/kunststoves.com\/wp-content\/uploads\/2024\/03\/verona-resumen-1-600x441.png 600w\" sizes=\"(max-width: 680px) 100vw, 680px\" \/><\/figure>\n\n\n\n<p>Sobre nuestra estancia all\u00ed, destacamos el honor que supuso recibir la visita de los representantes de la Asociaci\u00f3n de Deshollinadores Italianos en nuestro stand. Apreciamos la oportunidad de discutir sobre las \u00faltimas tendencias y necesidades en la industria, y esperamos seguir colaborando.<\/p>\n\n\n\n<p>Queremos tambi\u00e9n agradecer a todos los visitantes que se acercaron a nuestro stand durante la feria. Fue un placer conocer a tantos entusiastas de las estufas de le\u00f1a, intercambiar ideas y compartir nuestra pasi\u00f3n.<\/p>\n\n\n\n<p>Para nosotros, participar en Progetto Fuoco 2024 ha sido m\u00e1s que una exhibici\u00f3n; ha sido una experiencia enriquecedora y emocionante. Verona fue el escenario perfecto para conectar con personas de todo el mundo que comparten nuestra visi\u00f3n de un futuro m\u00e1s sostenible y c\u00e1lido.<\/p>\n\n\n\n<p>Finalmente dar las gracias a nuestro equipo, a todos nuestros trabajadores que han desempe\u00f1ado un papel crucial en el \u00e9xito de nuestro stand en la feria. Gracias a su profesionalismo, dedicaci\u00f3n y entusiasmo.<\/p>\n\n\n\n<figure class=\"wp-block-image size-full\"><img decoding=\"async\" width=\"680\" height=\"500\" src=\"https:\/\/kunststoves.com\/wp-content\/uploads\/2024\/03\/verona-resumen-3.png\" alt=\"Kunst's Team\" class=\"wp-image-4079\" srcset=\"https:\/\/kunststoves.com\/wp-content\/uploads\/2024\/03\/verona-resumen-3.png 680w, https:\/\/kunststoves.com\/wp-content\/uploads\/2024\/03\/verona-resumen-3-300x221.png 300w, https:\/\/kunststoves.com\/wp-content\/uploads\/2024\/03\/verona-resumen-3-600x441.png 600w\" sizes=\"(max-width: 680px) 100vw, 680px\" \/><\/figure>\n\n\n\n<p>En conclusi\u00f3n, nos vamos de Progetto Fuoco 2024 con el coraz\u00f3n lleno de gratitud y la determinaci\u00f3n de seguir innovando y mejorando. Nos vemos en el pr\u00f3ximo encuentro, donde continuaremos compartiendo nuestra pasi\u00f3n. \u00a1Hasta la pr\u00f3xima!<\/p>\n","protected":false},"excerpt":{"rendered":"<p>La marca Kunst destaca en Progetto Fuoco 2024 con la presentaci\u00f3n mejorada de &#8216;Quercus Store&#8217;. Agradecen a la Asociaci\u00f3n de Deshollinadores y su equipo, expresando determinaci\u00f3n para seguir innovando.<\/p>\n","protected":false},"author":1,"featured_media":4073,"comment_status":"open","ping_status":"open","sticky":false,"template":"","format":"standard","meta":{"_acf_changed":false,"footnotes":""},"categories":[58],"tags":[],"class_list":["post-4072","post","type-post","status-publish","format-standard","has-post-thumbnail","hentry","category-noticias-2"],"acf":[],"_links":{"self":[{"href":"https:\/\/kunststoves.com\/es\/wp-json\/wp\/v2\/posts\/4072","targetHints":{"allow":["GET"]}}],"collection":[{"href":"https:\/\/kunststoves.com\/es\/wp-json\/wp\/v2\/posts"}],"about":[{"href":"https:\/\/kunststoves.com\/es\/wp-json\/wp\/v2\/types\/post"}],"author":[{"embeddable":true,"href":"https:\/\/kunststoves.com\/es\/wp-json\/wp\/v2\/users\/1"}],"replies":[{"embeddable":true,"href":"https:\/\/kunststoves.com\/es\/wp-json\/wp\/v2\/comments?post=4072"}],"version-history":[{"count":2,"href":"https:\/\/kunststoves.com\/es\/wp-json\/wp\/v2\/posts\/4072\/revisions"}],"predecessor-version":[{"id":4089,"href":"https:\/\/kunststoves.com\/es\/wp-json\/wp\/v2\/posts\/4072\/revisions\/4089"}],"wp:featuredmedia":[{"embeddable":true,"href":"https:\/\/kunststoves.com\/es\/wp-json\/wp\/v2\/media\/4073"}],"wp:attachment":[{"href":"https:\/\/kunststoves.com\/es\/wp-json\/wp\/v2\/media?parent=4072"}],"wp:term":[{"taxonomy":"category","embeddable":true,"href":"https:\/\/kunststoves.com\/es\/wp-json\/wp\/v2\/categories?post=4072"},{"taxonomy":"post_tag","embeddable":true,"href":"https:\/\/kunststoves.com\/es\/wp-json\/wp\/v2\/tags?post=4072"}],"curies":[{"name":"wp","href":"https:\/\/api.w.org\/{rel}","templated":true}]}}