{"id":4091,"date":"2024-03-05T11:27:42","date_gmt":"2024-03-05T10:27:42","guid":{"rendered":"https:\/\/kunststoves.com\/?p=4091"},"modified":"2024-03-05T11:39:56","modified_gmt":"2024-03-05T10:39:56","slug":"progetto-fuoco","status":"publish","type":"post","link":"https:\/\/kunststoves.com\/fr\/progetto-fuoco\/","title":{"rendered":"<strong>Progetto Fuoco 2024<\/strong>"},"content":{"rendered":"\n<p>Dans ce nouveau blog, nous sommes heureux de partager avec vous notre exp\u00e9rience passionnante \u00e0 la Foire internationale Progetto Fuoco 2024, qui s&rsquo;est d\u00e9roul\u00e9e \u00e0 V\u00e9rone du 28 f\u00e9vrier au 2 mars. Cet \u00e9v\u00e9nement annuel rassemble des chefs de file de l&rsquo;industrie qui se consacrent \u00e0 la production de chaleur et d&rsquo;\u00e9lectricit\u00e9 \u00e0 partir de la combustion du bois, et nous ne pourrions pas \u00eatre plus heureux d&rsquo;en avoir fait partie.<\/p>\n\n\n\n<p>Notre marque, Kunst, s&rsquo;est distingu\u00e9e lors de cet \u00e9v\u00e9nement international, en pr\u00e9sentant, comme nous l&rsquo;avons d\u00e9j\u00e0 annonc\u00e9, une version am\u00e9lior\u00e9e de notre mod\u00e8le \u00ab Quercus Store \u00bb, d\u00e9sormais avec l&rsquo;int\u00e9gration de la fermeture automatique. Cette caract\u00e9ristique unique am\u00e9liore non seulement la s\u00e9curit\u00e9, mais \u00e9l\u00e8ve \u00e9galement le confort de l&rsquo;utilisateur \u00e0 de nouveaux niveaux. C&rsquo;est pourquoi nous sommes ravis d&rsquo;annoncer que cette fonctionnalit\u00e9 sera bient\u00f4t int\u00e9gr\u00e9e \u00e0 tous nos mod\u00e8les.<\/p>\n\n\n\n<figure class=\"wp-block-image size-full\"><img fetchpriority=\"high\" decoding=\"async\" width=\"680\" height=\"500\" src=\"https:\/\/kunststoves.com\/wp-content\/uploads\/2024\/03\/verona-resumen-1.png\" alt=\"Quercus Store I Kunst\" class=\"wp-image-4084\" srcset=\"https:\/\/kunststoves.com\/wp-content\/uploads\/2024\/03\/verona-resumen-1.png 680w, https:\/\/kunststoves.com\/wp-content\/uploads\/2024\/03\/verona-resumen-1-300x221.png 300w, https:\/\/kunststoves.com\/wp-content\/uploads\/2024\/03\/verona-resumen-1-600x441.png 600w\" sizes=\"(max-width: 680px) 100vw, 680px\" \/><\/figure>\n\n\n\n<p>\u00c0 propos de notre s\u00e9jour l\u00e0-bas, nous soulignons l&rsquo;honneur de recevoir la visite des repr\u00e9sentants de l&rsquo;Association des ramoneurs italiens sur notre stand. Nous appr\u00e9cions l&rsquo;occasion de discuter des derni\u00e8res tendances et besoins de l&rsquo;industrie, et nous sommes impatients de continuer \u00e0 collaborer.<\/p>\n\n\n\n<p>Nous tenons \u00e9galement \u00e0 remercier tous les visiteurs qui se sont rendus sur notre stand pendant le salon. Ce fut un plaisir de rencontrer autant de passionn\u00e9s de po\u00eales \u00e0 bois, d&rsquo;\u00e9changer et de partager notre passion. <\/p>\n\n\n\n<p>Pour nous, participer au Progetto Fuoco 2024 a \u00e9t\u00e9 plus qu&rsquo;une exposition ; Ce fut une exp\u00e9rience enrichissante et passionnante. V\u00e9rone \u00e9tait le cadre id\u00e9al pour entrer en contact avec des personnes du monde entier qui partagent notre vision d&rsquo;un avenir plus durable et plus chaleureux.<\/p>\n\n\n\n<p>Enfin, nous tenons \u00e0 remercier notre \u00e9quipe, tous nos employ\u00e9s qui ont jou\u00e9 un r\u00f4le crucial dans la r\u00e9ussite de notre stand au salon. Merci pour leur professionnalisme, leur d\u00e9vouement et leur enthousiasme.<\/p>\n\n\n\n<figure class=\"wp-block-image size-full\"><img decoding=\"async\" width=\"680\" height=\"500\" src=\"https:\/\/kunststoves.com\/wp-content\/uploads\/2024\/03\/verona-resumen-3.png\" alt=\"Kunst's Team\" class=\"wp-image-4079\" srcset=\"https:\/\/kunststoves.com\/wp-content\/uploads\/2024\/03\/verona-resumen-3.png 680w, https:\/\/kunststoves.com\/wp-content\/uploads\/2024\/03\/verona-resumen-3-300x221.png 300w, https:\/\/kunststoves.com\/wp-content\/uploads\/2024\/03\/verona-resumen-3-600x441.png 600w\" sizes=\"(max-width: 680px) 100vw, 680px\" \/><\/figure>\n\n\n\n<p>En conclusion, nous quittons Progetto Fuoco 2024 avec le c\u0153ur plein de gratitude et la d\u00e9termination de continuer \u00e0 innover et \u00e0 nous am\u00e9liorer. Rendez-vous \u00e0 la prochaine rencontre, o\u00f9 nous continuerons \u00e0 partager notre passion. \u00c0 la prochaine !<\/p>\n","protected":false},"excerpt":{"rendered":"<p>La marque Kunst se distingue au Progetto Fuoco 2024 avec la pr\u00e9sentation am\u00e9lior\u00e9e du &lsquo;Quercus Store&rsquo;. Ils remercient l&rsquo;Association des ramoneurs et leur \u00e9quipe, exprimant leur d\u00e9termination \u00e0 continuer d&rsquo;innover.<\/p>\n","protected":false},"author":1,"featured_media":4075,"comment_status":"open","ping_status":"open","sticky":false,"template":"","format":"standard","meta":{"_acf_changed":false,"footnotes":""},"categories":[61],"tags":[],"class_list":["post-4091","post","type-post","status-publish","format-standard","has-post-thumbnail","hentry","category-noticias-2-fr"],"acf":[],"_links":{"self":[{"href":"https:\/\/kunststoves.com\/fr\/wp-json\/wp\/v2\/posts\/4091","targetHints":{"allow":["GET"]}}],"collection":[{"href":"https:\/\/kunststoves.com\/fr\/wp-json\/wp\/v2\/posts"}],"about":[{"href":"https:\/\/kunststoves.com\/fr\/wp-json\/wp\/v2\/types\/post"}],"author":[{"embeddable":true,"href":"https:\/\/kunststoves.com\/fr\/wp-json\/wp\/v2\/users\/1"}],"replies":[{"embeddable":true,"href":"https:\/\/kunststoves.com\/fr\/wp-json\/wp\/v2\/comments?post=4091"}],"version-history":[{"count":5,"href":"https:\/\/kunststoves.com\/fr\/wp-json\/wp\/v2\/posts\/4091\/revisions"}],"predecessor-version":[{"id":4102,"href":"https:\/\/kunststoves.com\/fr\/wp-json\/wp\/v2\/posts\/4091\/revisions\/4102"}],"wp:featuredmedia":[{"embeddable":true,"href":"https:\/\/kunststoves.com\/fr\/wp-json\/wp\/v2\/media\/4075"}],"wp:attachment":[{"href":"https:\/\/kunststoves.com\/fr\/wp-json\/wp\/v2\/media?parent=4091"}],"wp:term":[{"taxonomy":"category","embeddable":true,"href":"https:\/\/kunststoves.com\/fr\/wp-json\/wp\/v2\/categories?post=4091"},{"taxonomy":"post_tag","embeddable":true,"href":"https:\/\/kunststoves.com\/fr\/wp-json\/wp\/v2\/tags?post=4091"}],"curies":[{"name":"wp","href":"https:\/\/api.w.org\/{rel}","templated":true}]}}